{"id":341,"date":"2019-01-05T11:26:48","date_gmt":"2019-01-05T10:26:48","guid":{"rendered":"http:\/\/deschlickbroeder.de\/?p=341"},"modified":"2019-07-29T14:14:09","modified_gmt":"2019-07-29T12:14:09","slug":"team-spirit-award-von-otf","status":"publish","type":"post","link":"http:\/\/deschlickbroeder.de\/index.php\/2019\/01\/05\/team-spirit-award-von-otf\/","title":{"rendered":"Team Spirit Award von OTF"},"content":{"rendered":"<p><img decoding=\"async\" loading=\"lazy\" class=\"size-thumbnail wp-image-340\" src=\"http:\/\/deschlickbroeder.de\/wp-content\/uploads\/2019\/01\/img_0703-150x150.jpg\" alt=\"\" width=\"150\" height=\"150\" srcset=\"http:\/\/deschlickbroeder.de\/wp-content\/uploads\/2019\/01\/img_0703-150x150.jpg 150w, http:\/\/deschlickbroeder.de\/wp-content\/uploads\/2019\/01\/img_0703-300x300.jpg 300w, http:\/\/deschlickbroeder.de\/wp-content\/uploads\/2019\/01\/img_0703-768x768.jpg 768w, http:\/\/deschlickbroeder.de\/wp-content\/uploads\/2019\/01\/img_0703-100x100.jpg 100w, http:\/\/deschlickbroeder.de\/wp-content\/uploads\/2019\/01\/img_0703.jpg 960w\" sizes=\"(max-width: 150px) 100vw, 150px\" \/> <img decoding=\"async\" loading=\"lazy\" class=\"size-thumbnail wp-image-339\" src=\"http:\/\/deschlickbroeder.de\/wp-content\/uploads\/2019\/01\/img_0702-150x150.jpg\" alt=\"\" width=\"150\" height=\"150\" srcset=\"http:\/\/deschlickbroeder.de\/wp-content\/uploads\/2019\/01\/img_0702-150x150.jpg 150w, http:\/\/deschlickbroeder.de\/wp-content\/uploads\/2019\/01\/img_0702-300x300.jpg 300w, http:\/\/deschlickbroeder.de\/wp-content\/uploads\/2019\/01\/img_0702-768x768.jpg 768w, http:\/\/deschlickbroeder.de\/wp-content\/uploads\/2019\/01\/img_0702-100x100.jpg 100w, http:\/\/deschlickbroeder.de\/wp-content\/uploads\/2019\/01\/img_0702.jpg 960w\" sizes=\"(max-width: 150px) 100vw, 150px\" \/><br \/>Wir haben unseren ersten Pokal in diesem Jahr!!? #deschlickbr\u00f6der haben den Tram Spirit Award von #orangetheoryfitnessluebeck heute \u00fcberreicht bekommen. Geht ja gut los!!! Danke an alle, besonders an die Coaches und anderen Mitglieder die mit uns morgens um 5 Uhr #morelifeat5 bei OTF umsetzen. Ihr seid ein gro\u00dfer Zeil unserer Vorbereitung und OTF-Begeisterung. Es wird auch dieses Jahr wieder ein Jahr voller Teamevents! N\u00e4chste Woche geht es los! #winterspartanrace #otfaddict #orangetheory #orangetheoryfitness @ Orangetheory Fitness L\u00fcbeck<\/p>\n","protected":false},"excerpt":{"rendered":"<p>Wir haben unseren ersten Pokal in diesem Jahr!!? #deschlickbr\u00f6der haben den Tram Spirit Award von #orangetheoryfitnessluebeck heute \u00fcberreicht bekommen. Geht ja gut los!!! Danke an alle, besonders an die Coaches und anderen Mitglieder die mit uns morgens um 5 Uhr #morelifeat5 bei OTF umsetzen. Ihr seid ein gro\u00dfer Zeil unserer Vorbereitung und OTF-Begeisterung. Es wird &hellip; <\/p>\n<p class=\"link-more\"><a href=\"http:\/\/deschlickbroeder.de\/index.php\/2019\/01\/05\/team-spirit-award-von-otf\/\" class=\"more-link\"><span class=\"screen-reader-text\">&#8222;Team Spirit Award von OTF&#8220;<\/span> weiterlesen<\/a><\/p>\n","protected":false},"author":1,"featured_media":0,"comment_status":"closed","ping_status":"open","sticky":false,"template":"","format":"standard","meta":[],"categories":[1],"tags":[],"_links":{"self":[{"href":"http:\/\/deschlickbroeder.de\/index.php\/wp-json\/wp\/v2\/posts\/341"}],"collection":[{"href":"http:\/\/deschlickbroeder.de\/index.php\/wp-json\/wp\/v2\/posts"}],"about":[{"href":"http:\/\/deschlickbroeder.de\/index.php\/wp-json\/wp\/v2\/types\/post"}],"author":[{"embeddable":true,"href":"http:\/\/deschlickbroeder.de\/index.php\/wp-json\/wp\/v2\/users\/1"}],"replies":[{"embeddable":true,"href":"http:\/\/deschlickbroeder.de\/index.php\/wp-json\/wp\/v2\/comments?post=341"}],"version-history":[{"count":4,"href":"http:\/\/deschlickbroeder.de\/index.php\/wp-json\/wp\/v2\/posts\/341\/revisions"}],"predecessor-version":[{"id":986,"href":"http:\/\/deschlickbroeder.de\/index.php\/wp-json\/wp\/v2\/posts\/341\/revisions\/986"}],"wp:attachment":[{"href":"http:\/\/deschlickbroeder.de\/index.php\/wp-json\/wp\/v2\/media?parent=341"}],"wp:term":[{"taxonomy":"category","embeddable":true,"href":"http:\/\/deschlickbroeder.de\/index.php\/wp-json\/wp\/v2\/categories?post=341"},{"taxonomy":"post_tag","embeddable":true,"href":"http:\/\/deschlickbroeder.de\/index.php\/wp-json\/wp\/v2\/tags?post=341"}],"curies":[{"name":"wp","href":"https:\/\/api.w.org\/{rel}","templated":true}]}}