{"id":1143,"date":"2019-12-07T19:59:24","date_gmt":"2019-12-07T18:59:24","guid":{"rendered":"http:\/\/deschlickbroeder.de\/?p=1143"},"modified":"2019-12-07T19:59:24","modified_gmt":"2019-12-07T18:59:24","slug":"last-man-standing-2","status":"publish","type":"post","link":"http:\/\/deschlickbroeder.de\/index.php\/2019\/12\/07\/last-man-standing-2\/","title":{"rendered":"Last Man Standing"},"content":{"rendered":"<p>Unser Last Man Standing &#8211; wie im Vorjahr- ist wieder der &#8222;gro\u00dfe Ulf&#8220;. Wie bei allen gro\u00dfen Bands gibt es auch Solo Touren der einzelnen Bandmitglieder. Was Farin Urlaub f\u00fcr die \u00c4rzte ist heute Ulf f\u00fcr De Schlick Br\u00f6der. Mit seiner allj\u00e4hrlichen Teilnahme bei &#8222;GETTINGTOUGH The Race VIII&#8220; zeigt er dem Rest der Truppe, wo der Frosch die Locken hat. Respekt !<\/p>\n","protected":false},"excerpt":{"rendered":"<p>Unser Last Man Standing &#8211; wie im Vorjahr- ist wieder der &#8222;gro\u00dfe Ulf&#8220;. Wie bei allen gro\u00dfen Bands gibt es auch Solo Touren der einzelnen Bandmitglieder. Was Farin Urlaub f\u00fcr die \u00c4rzte ist heute Ulf f\u00fcr De Schlick Br\u00f6der. Mit seiner allj\u00e4hrlichen Teilnahme bei &#8222;GETTINGTOUGH The Race VIII&#8220; zeigt er dem Rest der Truppe, wo &hellip; <\/p>\n<p class=\"link-more\"><a href=\"http:\/\/deschlickbroeder.de\/index.php\/2019\/12\/07\/last-man-standing-2\/\" class=\"more-link\"><span class=\"screen-reader-text\">&#8222;Last Man Standing&#8220;<\/span> weiterlesen<\/a><\/p>\n","protected":false},"author":1,"featured_media":1144,"comment_status":"closed","ping_status":"open","sticky":false,"template":"","format":"standard","meta":[],"categories":[1],"tags":[],"_links":{"self":[{"href":"http:\/\/deschlickbroeder.de\/index.php\/wp-json\/wp\/v2\/posts\/1143"}],"collection":[{"href":"http:\/\/deschlickbroeder.de\/index.php\/wp-json\/wp\/v2\/posts"}],"about":[{"href":"http:\/\/deschlickbroeder.de\/index.php\/wp-json\/wp\/v2\/types\/post"}],"author":[{"embeddable":true,"href":"http:\/\/deschlickbroeder.de\/index.php\/wp-json\/wp\/v2\/users\/1"}],"replies":[{"embeddable":true,"href":"http:\/\/deschlickbroeder.de\/index.php\/wp-json\/wp\/v2\/comments?post=1143"}],"version-history":[{"count":1,"href":"http:\/\/deschlickbroeder.de\/index.php\/wp-json\/wp\/v2\/posts\/1143\/revisions"}],"predecessor-version":[{"id":1145,"href":"http:\/\/deschlickbroeder.de\/index.php\/wp-json\/wp\/v2\/posts\/1143\/revisions\/1145"}],"wp:featuredmedia":[{"embeddable":true,"href":"http:\/\/deschlickbroeder.de\/index.php\/wp-json\/wp\/v2\/media\/1144"}],"wp:attachment":[{"href":"http:\/\/deschlickbroeder.de\/index.php\/wp-json\/wp\/v2\/media?parent=1143"}],"wp:term":[{"taxonomy":"category","embeddable":true,"href":"http:\/\/deschlickbroeder.de\/index.php\/wp-json\/wp\/v2\/categories?post=1143"},{"taxonomy":"post_tag","embeddable":true,"href":"http:\/\/deschlickbroeder.de\/index.php\/wp-json\/wp\/v2\/tags?post=1143"}],"curies":[{"name":"wp","href":"https:\/\/api.w.org\/{rel}","templated":true}]}}