{"id":1132,"date":"2019-11-23T19:46:11","date_gmt":"2019-11-23T18:46:11","guid":{"rendered":"http:\/\/deschlickbroeder.de\/?p=1132"},"modified":"2019-12-07T19:55:47","modified_gmt":"2019-12-07T18:55:47","slug":"hyrox-2019","status":"publish","type":"post","link":"http:\/\/deschlickbroeder.de\/index.php\/2019\/11\/23\/hyrox-2019\/","title":{"rendered":"HYROX 2019"},"content":{"rendered":"<p>Die ersten Schlick Br\u00f6der fangen das Schw\u00e4cheln an und gehen gar nicht erst an den Start. Das ist f\u00fcr Schlick-Sister <a href=\"https:\/\/www.facebook.com\/dana.reardon.7?__tn__=%2CdK%2AF-R&amp;eid=ARAQxROCt7idgNXbGF4jkOKSqjHsgD-mX0l5HfK2lGQZ-durqoZrZZjWWufwm9V6bTivc84NONFJZYfn\" data-hovercard=\"\/ajax\/hovercard\/user.php?id=100000558648438&amp;extragetparams=%7B%22__tn__%22%3A%22%2CdK%2AF-R%22%2C%22eid%22%3A%22ARAQxROCt7idgNXbGF4jkOKSqjHsgD-mX0l5HfK2lGQZ-durqoZrZZjWWufwm9V6bTivc84NONFJZYfn%22%2C%22directed_target_id%22%3Anull%2C%22groups_location%22%3Anull%7D\" data-hovercard-prefer-more-content-show=\"1\">Dana<\/a> Anlass zu zeigen wie es geht. Sie dreht richtig auf und qualifiziziert sich gleich im ersten Versuch f\u00fcr die WM im <a href=\"https:\/\/www.facebook.com\/hyroxworld\/?__xts__%5B0%5D=68.ARDc2Cb6VnNhq9aKXeqPaz6sYldtlbUiUyYPpPLmMbThS8OC-hG_oFy2QmhogScv5bUrR3ebGnMHrNIsccJjvvh8475bZ_fKwC2zPDOw6NMiuaD2kSho6feC888dm_FcGrD6vfVTKTJhvIc5CQ9GzDoYj5v7wUDDEoJJJwjMtrkCFLp3u4jnc7MVUbcPDM8NmAX2HAROql8kwAlVK23cIhiInYE7Rj2rfwpGCSYOG-PiSA6gw1tS5khZZ-aBupwziVVxSVFOVhWZGME2b-y3b2HUbDf4sqxvEyYucAeT4ZM7oBnGq8472lgVbc6KCIPQZdMRhNN1cIh6JxcoOsx5oUs&amp;__tn__=%2CdK%2AF-R&amp;eid=ARAJk4dLKiLI3TxGCHcEwnS1Fu69wVZ5JcXk67FBHGTIHsPXRFOnC40-ExG6d4dkalgqAELcw5Az8YSA\" data-hovercard=\"\/ajax\/hovercard\/page.php?id=1889335361387457&amp;extragetparams=%7B%22__tn__%22%3A%22%2CdK%2AF-R%22%2C%22eid%22%3A%22ARAJk4dLKiLI3TxGCHcEwnS1Fu69wVZ5JcXk67FBHGTIHsPXRFOnC40-ExG6d4dkalgqAELcw5Az8YSA%22%2C%22directed_target_id%22%3Anull%2C%22groups_location%22%3Anull%7D\" data-hovercard-prefer-more-content-show=\"1\">HYROX<\/a>.<br \/>\nWir gratulieren Dana Donner! Das ganze hat sie im Team mit Susan geschafft, die uns auch schon beim RunRagnar nach St Peter Ording begleitet hat. Nun sind die beiden tats\u00e4chlich bei der HYROX WM in Berlin im April 2020 dabei..&nbsp;<\/p>\n<p>Vom Rest der Truppe waren dann leider nur noch Ulf und Tammo am Start &#8211; die extrem sp\u00e4te Startzeit hat dazu gef\u00fchrt, dass die Anderen hier in terminliche Not geraten sind und die Teilnahme absagen mussten. Insgesamt wieder ein starkes Event, das uns ans Ende unserer Kr\u00e4fte gebracht hat!<\/p>\n<p><img decoding=\"async\" loading=\"lazy\" class=\"size-thumbnail wp-image-1138\" src=\"http:\/\/deschlickbroeder.de\/wp-content\/uploads\/2019\/12\/IMG_20191123_204059-150x150.jpg\" alt=\"\" width=\"150\" height=\"150\" srcset=\"http:\/\/deschlickbroeder.de\/wp-content\/uploads\/2019\/12\/IMG_20191123_204059-150x150.jpg 150w, http:\/\/deschlickbroeder.de\/wp-content\/uploads\/2019\/12\/IMG_20191123_204059-100x100.jpg 100w\" sizes=\"(max-width: 150px) 100vw, 150px\" \/> <img decoding=\"async\" loading=\"lazy\" class=\"size-thumbnail wp-image-1137\" src=\"http:\/\/deschlickbroeder.de\/wp-content\/uploads\/2019\/12\/IMG_20191123_202251-150x150.jpg\" alt=\"\" width=\"150\" height=\"150\" srcset=\"http:\/\/deschlickbroeder.de\/wp-content\/uploads\/2019\/12\/IMG_20191123_202251-150x150.jpg 150w, http:\/\/deschlickbroeder.de\/wp-content\/uploads\/2019\/12\/IMG_20191123_202251-300x300.jpg 300w, http:\/\/deschlickbroeder.de\/wp-content\/uploads\/2019\/12\/IMG_20191123_202251-768x767.jpg 768w, http:\/\/deschlickbroeder.de\/wp-content\/uploads\/2019\/12\/IMG_20191123_202251-1024x1024.jpg 1024w, http:\/\/deschlickbroeder.de\/wp-content\/uploads\/2019\/12\/IMG_20191123_202251-100x100.jpg 100w, http:\/\/deschlickbroeder.de\/wp-content\/uploads\/2019\/12\/IMG_20191123_202251.jpg 1038w\" sizes=\"(max-width: 150px) 100vw, 150px\" \/> <img decoding=\"async\" loading=\"lazy\" class=\"size-thumbnail wp-image-1135\" src=\"http:\/\/deschlickbroeder.de\/wp-content\/uploads\/2019\/12\/IMG_20191123_170850-150x150.jpg\" alt=\"\" width=\"150\" height=\"150\" srcset=\"http:\/\/deschlickbroeder.de\/wp-content\/uploads\/2019\/12\/IMG_20191123_170850-150x150.jpg 150w, http:\/\/deschlickbroeder.de\/wp-content\/uploads\/2019\/12\/IMG_20191123_170850-100x100.jpg 100w\" sizes=\"(max-width: 150px) 100vw, 150px\" \/><\/p>\n","protected":false},"excerpt":{"rendered":"<p>Die ersten Schlick Br\u00f6der fangen das Schw\u00e4cheln an und gehen gar nicht erst an den Start. Das ist f\u00fcr Schlick-Sister Dana Anlass zu zeigen wie es geht. Sie dreht richtig auf und qualifiziziert sich gleich im ersten Versuch f\u00fcr die WM im HYROX. Wir gratulieren Dana Donner! Das ganze hat sie im Team mit Susan &hellip; <\/p>\n<p class=\"link-more\"><a href=\"http:\/\/deschlickbroeder.de\/index.php\/2019\/11\/23\/hyrox-2019\/\" class=\"more-link\"><span class=\"screen-reader-text\">&#8222;HYROX 2019&#8220;<\/span> weiterlesen<\/a><\/p>\n","protected":false},"author":1,"featured_media":1133,"comment_status":"closed","ping_status":"open","sticky":false,"template":"","format":"standard","meta":[],"categories":[1],"tags":[],"_links":{"self":[{"href":"http:\/\/deschlickbroeder.de\/index.php\/wp-json\/wp\/v2\/posts\/1132"}],"collection":[{"href":"http:\/\/deschlickbroeder.de\/index.php\/wp-json\/wp\/v2\/posts"}],"about":[{"href":"http:\/\/deschlickbroeder.de\/index.php\/wp-json\/wp\/v2\/types\/post"}],"author":[{"embeddable":true,"href":"http:\/\/deschlickbroeder.de\/index.php\/wp-json\/wp\/v2\/users\/1"}],"replies":[{"embeddable":true,"href":"http:\/\/deschlickbroeder.de\/index.php\/wp-json\/wp\/v2\/comments?post=1132"}],"version-history":[{"count":2,"href":"http:\/\/deschlickbroeder.de\/index.php\/wp-json\/wp\/v2\/posts\/1132\/revisions"}],"predecessor-version":[{"id":1139,"href":"http:\/\/deschlickbroeder.de\/index.php\/wp-json\/wp\/v2\/posts\/1132\/revisions\/1139"}],"wp:featuredmedia":[{"embeddable":true,"href":"http:\/\/deschlickbroeder.de\/index.php\/wp-json\/wp\/v2\/media\/1133"}],"wp:attachment":[{"href":"http:\/\/deschlickbroeder.de\/index.php\/wp-json\/wp\/v2\/media?parent=1132"}],"wp:term":[{"taxonomy":"category","embeddable":true,"href":"http:\/\/deschlickbroeder.de\/index.php\/wp-json\/wp\/v2\/categories?post=1132"},{"taxonomy":"post_tag","embeddable":true,"href":"http:\/\/deschlickbroeder.de\/index.php\/wp-json\/wp\/v2\/tags?post=1132"}],"curies":[{"name":"wp","href":"https:\/\/api.w.org\/{rel}","templated":true}]}}