{"id":1111,"date":"2019-10-30T14:01:02","date_gmt":"2019-10-30T13:01:02","guid":{"rendered":"http:\/\/deschlickbroeder.de\/?p=1111"},"modified":"2019-12-07T19:30:15","modified_gmt":"2019-12-07T18:30:15","slug":"run-the-skyline-marathon-in-frankfurt","status":"publish","type":"post","link":"http:\/\/deschlickbroeder.de\/index.php\/2019\/10\/30\/run-the-skyline-marathon-in-frankfurt\/","title":{"rendered":"Run the Skyline &#8211; Marathon in Frankfurt"},"content":{"rendered":"<p>Sie k\u00f6nnen es nicht lassen &#8211; im Rahmen der Vorbereitung zum Triathlon in Alcudia passte doch ein Marathon perfekt. F\u00fcr Klaus und Tammo die Premiere &#8211; der erste Marathon f\u00fcr beide. Nach 8 Wochen laufintensiver Vorbereitung konnte unter 4h das Ziel erreicht werden &#8211; was will man mehr!<br \/><img decoding=\"async\" loading=\"lazy\" class=\"wp-image-1120 size-thumbnail\" src=\"http:\/\/deschlickbroeder.de\/wp-content\/uploads\/2019\/12\/IMG_20191027_140954-e1575723679826-150x150.jpg\" alt=\"\" width=\"150\" height=\"150\" srcset=\"http:\/\/deschlickbroeder.de\/wp-content\/uploads\/2019\/12\/IMG_20191027_140954-e1575723679826-150x150.jpg 150w, http:\/\/deschlickbroeder.de\/wp-content\/uploads\/2019\/12\/IMG_20191027_140954-e1575723679826-100x100.jpg 100w\" sizes=\"(max-width: 150px) 100vw, 150px\" \/> <img decoding=\"async\" loading=\"lazy\" class=\"size-thumbnail wp-image-1121\" src=\"http:\/\/deschlickbroeder.de\/wp-content\/uploads\/2019\/12\/IMG_20191027_140955-150x150.jpg\" alt=\"\" width=\"150\" height=\"150\" srcset=\"http:\/\/deschlickbroeder.de\/wp-content\/uploads\/2019\/12\/IMG_20191027_140955-150x150.jpg 150w, http:\/\/deschlickbroeder.de\/wp-content\/uploads\/2019\/12\/IMG_20191027_140955-100x100.jpg 100w\" sizes=\"(max-width: 150px) 100vw, 150px\" \/> <img decoding=\"async\" loading=\"lazy\" class=\"wp-image-1122 size-thumbnail\" src=\"http:\/\/deschlickbroeder.de\/wp-content\/uploads\/2019\/12\/IMG_20191027_143400-e1575723696412-150x150.jpg\" alt=\"\" width=\"150\" height=\"150\" srcset=\"http:\/\/deschlickbroeder.de\/wp-content\/uploads\/2019\/12\/IMG_20191027_143400-e1575723696412-150x150.jpg 150w, http:\/\/deschlickbroeder.de\/wp-content\/uploads\/2019\/12\/IMG_20191027_143400-e1575723696412-100x100.jpg 100w\" sizes=\"(max-width: 150px) 100vw, 150px\" \/><\/p>\n","protected":false},"excerpt":{"rendered":"<p>Sie k\u00f6nnen es nicht lassen &#8211; im Rahmen der Vorbereitung zum Triathlon in Alcudia passte doch ein Marathon perfekt. F\u00fcr Klaus und Tammo die Premiere &#8211; der erste Marathon f\u00fcr beide. Nach 8 Wochen laufintensiver Vorbereitung konnte unter 4h das Ziel erreicht werden &#8211; was will man mehr!<\/p>\n","protected":false},"author":1,"featured_media":1113,"comment_status":"closed","ping_status":"open","sticky":false,"template":"","format":"standard","meta":[],"categories":[1],"tags":[],"_links":{"self":[{"href":"http:\/\/deschlickbroeder.de\/index.php\/wp-json\/wp\/v2\/posts\/1111"}],"collection":[{"href":"http:\/\/deschlickbroeder.de\/index.php\/wp-json\/wp\/v2\/posts"}],"about":[{"href":"http:\/\/deschlickbroeder.de\/index.php\/wp-json\/wp\/v2\/types\/post"}],"author":[{"embeddable":true,"href":"http:\/\/deschlickbroeder.de\/index.php\/wp-json\/wp\/v2\/users\/1"}],"replies":[{"embeddable":true,"href":"http:\/\/deschlickbroeder.de\/index.php\/wp-json\/wp\/v2\/comments?post=1111"}],"version-history":[{"count":4,"href":"http:\/\/deschlickbroeder.de\/index.php\/wp-json\/wp\/v2\/posts\/1111\/revisions"}],"predecessor-version":[{"id":1126,"href":"http:\/\/deschlickbroeder.de\/index.php\/wp-json\/wp\/v2\/posts\/1111\/revisions\/1126"}],"wp:featuredmedia":[{"embeddable":true,"href":"http:\/\/deschlickbroeder.de\/index.php\/wp-json\/wp\/v2\/media\/1113"}],"wp:attachment":[{"href":"http:\/\/deschlickbroeder.de\/index.php\/wp-json\/wp\/v2\/media?parent=1111"}],"wp:term":[{"taxonomy":"category","embeddable":true,"href":"http:\/\/deschlickbroeder.de\/index.php\/wp-json\/wp\/v2\/categories?post=1111"},{"taxonomy":"post_tag","embeddable":true,"href":"http:\/\/deschlickbroeder.de\/index.php\/wp-json\/wp\/v2\/tags?post=1111"}],"curies":[{"name":"wp","href":"https:\/\/api.w.org\/{rel}","templated":true}]}}