{"id":1101,"date":"2019-09-15T13:56:07","date_gmt":"2019-09-15T11:56:07","guid":{"rendered":"http:\/\/deschlickbroeder.de\/?p=1101"},"modified":"2019-12-07T13:56:17","modified_gmt":"2019-12-07T12:56:17","slug":"xletix-2019-in-groemitz","status":"publish","type":"post","link":"http:\/\/deschlickbroeder.de\/index.php\/2019\/09\/15\/xletix-2019-in-groemitz\/","title":{"rendered":"XLETIX 2019 in Gr\u00f6mitz"},"content":{"rendered":"<p>Mittlerweile ein fester Termin in unserem Kalender ist nat\u00fcrlich XLETIX in Gr\u00f6mitz. Dieses Jahr mit viel Verst\u00e4rkung am Start war auch das wieder ein gelungenes Event.<\/p>\n","protected":false},"excerpt":{"rendered":"<p>Mittlerweile ein fester Termin in unserem Kalender ist nat\u00fcrlich XLETIX in Gr\u00f6mitz. Dieses Jahr mit viel Verst\u00e4rkung am Start war auch das wieder ein gelungenes Event.<\/p>\n","protected":false},"author":1,"featured_media":1102,"comment_status":"closed","ping_status":"open","sticky":false,"template":"","format":"standard","meta":[],"categories":[1],"tags":[],"_links":{"self":[{"href":"http:\/\/deschlickbroeder.de\/index.php\/wp-json\/wp\/v2\/posts\/1101"}],"collection":[{"href":"http:\/\/deschlickbroeder.de\/index.php\/wp-json\/wp\/v2\/posts"}],"about":[{"href":"http:\/\/deschlickbroeder.de\/index.php\/wp-json\/wp\/v2\/types\/post"}],"author":[{"embeddable":true,"href":"http:\/\/deschlickbroeder.de\/index.php\/wp-json\/wp\/v2\/users\/1"}],"replies":[{"embeddable":true,"href":"http:\/\/deschlickbroeder.de\/index.php\/wp-json\/wp\/v2\/comments?post=1101"}],"version-history":[{"count":1,"href":"http:\/\/deschlickbroeder.de\/index.php\/wp-json\/wp\/v2\/posts\/1101\/revisions"}],"predecessor-version":[{"id":1110,"href":"http:\/\/deschlickbroeder.de\/index.php\/wp-json\/wp\/v2\/posts\/1101\/revisions\/1110"}],"wp:featuredmedia":[{"embeddable":true,"href":"http:\/\/deschlickbroeder.de\/index.php\/wp-json\/wp\/v2\/media\/1102"}],"wp:attachment":[{"href":"http:\/\/deschlickbroeder.de\/index.php\/wp-json\/wp\/v2\/media?parent=1101"}],"wp:term":[{"taxonomy":"category","embeddable":true,"href":"http:\/\/deschlickbroeder.de\/index.php\/wp-json\/wp\/v2\/categories?post=1101"},{"taxonomy":"post_tag","embeddable":true,"href":"http:\/\/deschlickbroeder.de\/index.php\/wp-json\/wp\/v2\/tags?post=1101"}],"curies":[{"name":"wp","href":"https:\/\/api.w.org\/{rel}","templated":true}]}}